{"id":4388,"date":"2024-09-13T11:34:49","date_gmt":"2024-09-13T09:34:49","guid":{"rendered":"https:\/\/www.mega-fete.fr\/blog\/?p=4388"},"modified":"2024-09-13T13:55:19","modified_gmt":"2024-09-13T11:55:19","slug":"carnaval-de-dunkerque-2025-dates","status":"publish","type":"post","link":"https:\/\/www.mega-fete.fr\/blog\/carnaval-de-dunkerque-2025-dates\/","title":{"rendered":"Carnaval de Dunkerque 2025 : Dates \u00e0 ne pas manquer !"},"content":{"rendered":"\n<figure style=\"--shape: url(#tw-shape-squircle);\" class=\"wp-block-image size-large tw-block-animation tw-animation-wipe-left\"><img loading=\"lazy\" decoding=\"async\" width=\"1024\" height=\"574\" sizes=\"auto, (max-width: 692px) 100vw, 692px\" src=\"https:\/\/www.mega-fete.fr\/blog\/wp-content\/uploads\/2024\/09\/dates-carnaval-dunkerque-2025-1024x574.webp\" alt=\"dates carnaval de Dunkerque, un carnavaleux heureux\" class=\"wp-image-4397\" srcset=\"https:\/\/www.mega-fete.fr\/blog\/wp-content\/uploads\/2024\/09\/dates-carnaval-dunkerque-2025-1024x574.webp 1024w, https:\/\/www.mega-fete.fr\/blog\/wp-content\/uploads\/2024\/09\/dates-carnaval-dunkerque-2025-300x168.webp 300w, https:\/\/www.mega-fete.fr\/blog\/wp-content\/uploads\/2024\/09\/dates-carnaval-dunkerque-2025-768x430.webp 768w, https:\/\/www.mega-fete.fr\/blog\/wp-content\/uploads\/2024\/09\/dates-carnaval-dunkerque-2025.webp 1456w\" \/><\/figure>\n\n\n\n<p>Avis aux amateurs de f\u00eate, de traditions et de harengs volants ! Le Carnaval de Dunkerque, <strong>l&rsquo;\u00e9v\u00e9nement le plus d\u00e9jant\u00e9 du Nord<\/strong> de la France (et probablement le seul endroit o\u00f9 vous pouvez recevoir un poisson sur la t\u00eate et en \u00eatre ravi), se pr\u00e9pare d\u00e9j\u00e0 pour son \u00e9dition 2025. Plongez dans l&rsquo;ambiance festive et d\u00e9couvrez tout ce que vous devez savoir pour ne rien manquer de cet \u00e9v\u00e9nement haut en couleur et en\u2026 odeur de mar\u00e9e ! Ainsi que l&rsquo;astuce pour recevoir les <strong>dates du carnaval de Dunkerque 2025 en exclusivit<\/strong>\u00e9 !<\/p><div id=\"ez-toc-container\" class=\"ez-toc-v2_0_82_2 counter-hierarchy ez-toc-counter ez-toc-transparent ez-toc-container-direction\">\n<div class=\"ez-toc-title-container\">\n<p class=\"ez-toc-title ez-toc-toggle\" style=\"cursor:pointer\">Table des mati\u00e8res<\/p>\n<span class=\"ez-toc-title-toggle\"><a href=\"#\" class=\"ez-toc-pull-right ez-toc-btn ez-toc-btn-xs ez-toc-btn-default ez-toc-toggle\" aria-label=\"Toggle Table of Content\"><span class=\"ez-toc-js-icon-con\"><span class=\"\"><span class=\"eztoc-hide\" style=\"display:none;\">Toggle<\/span><span class=\"ez-toc-icon-toggle-span\"><svg style=\"fill: #111111;color:#111111\" xmlns=\"http:\/\/www.w3.org\/2000\/svg\" class=\"list-377408\" width=\"20px\" height=\"20px\" viewBox=\"0 0 24 24\" fill=\"none\"><path d=\"M6 6H4v2h2V6zm14 0H8v2h12V6zM4 11h2v2H4v-2zm16 0H8v2h12v-2zM4 16h2v2H4v-2zm16 0H8v2h12v-2z\" fill=\"currentColor\"><\/path><\/svg><svg style=\"fill: #111111;color:#111111\" class=\"arrow-unsorted-368013\" xmlns=\"http:\/\/www.w3.org\/2000\/svg\" width=\"10px\" height=\"10px\" viewBox=\"0 0 24 24\" version=\"1.2\" baseProfile=\"tiny\"><path d=\"M18.2 9.3l-6.2-6.3-6.2 6.3c-.2.2-.3.4-.3.7s.1.5.3.7c.2.2.4.3.7.3h11c.3 0 .5-.1.7-.3.2-.2.3-.5.3-.7s-.1-.5-.3-.7zM5.8 14.7l6.2 6.3 6.2-6.3c.2-.2.3-.5.3-.7s-.1-.5-.3-.7c-.2-.2-.4-.3-.7-.3h-11c-.3 0-.5.1-.7.3-.2.2-.3.5-.3.7s.1.5.3.7z\"\/><\/svg><\/span><\/span><\/span><\/a><\/span><\/div>\n<nav><ul class='ez-toc-list ez-toc-list-level-1 ' ><li class='ez-toc-page-1 ez-toc-heading-level-2'><a class=\"ez-toc-link ez-toc-heading-1\" href=\"https:\/\/www.mega-fete.fr\/blog\/carnaval-de-dunkerque-2025-dates\/#Des_dates_a_retenir_pour_une_experience_carnavalesque_inoubliable_ou_pas_selon_votre_consommation_de_biere\" >Des dates \u00e0 retenir pour une exp\u00e9rience carnavalesque inoubliable (ou pas, selon votre consommation de bi\u00e8re)<\/a><\/li><li class='ez-toc-page-1 ez-toc-heading-level-2'><a class=\"ez-toc-link ez-toc-heading-2\" href=\"https:\/\/www.mega-fete.fr\/blog\/carnaval-de-dunkerque-2025-dates\/#%F0%9F%8E%89_EN_EXCLUSIVITE_LES_DATES_DU_CARNAVAL_DUNKERQUE_2025_%F0%9F%8E%89\" >&#x1f389; EN EXCLUSIVIT\u00c9 LES DATES DU CARNAVAL DUNKERQUE 2025 ! &#x1f389;<\/a><\/li><li class='ez-toc-page-1 ez-toc-heading-level-2'><a class=\"ez-toc-link ez-toc-heading-3\" href=\"https:\/\/www.mega-fete.fr\/blog\/carnaval-de-dunkerque-2025-dates\/#Les_temps_forts_du_Carnaval_de_Dunkerque_ou_comment_perdre_sa_dignite_avec_style\" >Les temps forts du Carnaval de Dunkerque (ou comment perdre sa dignit\u00e9 avec style)<\/a><\/li><li class='ez-toc-page-1 ez-toc-heading-level-2'><a class=\"ez-toc-link ez-toc-heading-4\" href=\"https:\/\/www.mega-fete.fr\/blog\/carnaval-de-dunkerque-2025-dates\/#Un_calendrier_riche_en_festivites_et_en_maux_de_tete_potentiels\" >Un calendrier riche en festivit\u00e9s (et en maux de t\u00eate potentiels)<\/a><\/li><li class='ez-toc-page-1 ez-toc-heading-level-2'><a class=\"ez-toc-link ez-toc-heading-5\" href=\"https:\/\/www.mega-fete.fr\/blog\/carnaval-de-dunkerque-2025-dates\/#Preparez-vous_pour_une_experience_carnavalesque_unique_et_legerement_chaotique\" >Pr\u00e9parez-vous pour une exp\u00e9rience carnavalesque unique (et l\u00e9g\u00e8rement chaotique)<\/a><\/li><li class='ez-toc-page-1 ez-toc-heading-level-2'><a class=\"ez-toc-link ez-toc-heading-6\" href=\"https:\/\/www.mega-fete.fr\/blog\/carnaval-de-dunkerque-2025-dates\/#Ne_manquez_rien_du_Carnaval_2025_Sauf_peut-etre_votre_dignite\" >Ne manquez rien du Carnaval 2025 ! (Sauf peut-\u00eatre votre dignit\u00e9)<\/a><\/li><li class='ez-toc-page-1 ez-toc-heading-level-2'><a class=\"ez-toc-link ez-toc-heading-7\" href=\"https:\/\/www.mega-fete.fr\/blog\/carnaval-de-dunkerque-2025-dates\/#%F0%9F%8E%89_NE_RATEZ_AUCUN_EVENEMENT_%F0%9F%8E%89\" >&#x1f389; NE RATEZ AUCUN \u00c9V\u00c9NEMENT ! &#x1f389;<\/a><\/li><\/ul><\/nav><\/div>\n\n\n\n\n<h2 class=\"wp-block-heading\"><span class=\"ez-toc-section\" id=\"Des_dates_a_retenir_pour_une_experience_carnavalesque_inoubliable_ou_pas_selon_votre_consommation_de_biere\"><\/span>Des dates \u00e0 retenir pour une exp\u00e9rience carnavalesque inoubliable (ou pas, selon votre consommation de bi\u00e8re)<span class=\"ez-toc-section-end\"><\/span><\/h2>\n\n\n\n<p>Bien que les dates pr\u00e9cises du Carnaval de Dunkerque 2025 ne soient pas encore officiellement annonc\u00e9es (les organisateurs sont probablement encore en train de se remettre de l&rsquo;\u00e9dition pr\u00e9c\u00e9dente), voici ce que nous pouvons anticiper :<\/p>\n\n\n\n<ul class=\"wp-block-list\">\n<li>D\u00e9but des festivit\u00e9s : Janvier 2025 (parce que quoi de mieux pour combattre le blues post-f\u00eates que de refaire la f\u00eate ?) <\/li>\n\n\n\n<li>Dur\u00e9e : Pr\u00e8s de trois mois de c\u00e9l\u00e9brations (votre foie vous remercie d&rsquo;avance) <\/li>\n\n\n\n<li>Point culminant : Autour de Mardi Gras (f\u00e9vrier-mars 2025) &#8211; l&rsquo;apoth\u00e9ose de la folie dunkerquoise !<\/li>\n<\/ul>\n\n\n\n<h2 class=\"wp-block-heading\"><span class=\"ez-toc-section\" id=\"%F0%9F%8E%89_EN_EXCLUSIVITE_LES_DATES_DU_CARNAVAL_DUNKERQUE_2025_%F0%9F%8E%89\"><\/span><strong>&#x1f389; EN EXCLUSIVIT\u00c9 LES DATES DU CARNAVAL DUNKERQUE 2025 ! &#x1f389;<\/strong><span class=\"ez-toc-section-end\"><\/span><\/h2>\n\n\n\n<p><strong>Inscrivez-vous d\u00e8s maintenant \u00e0 notre newsletter pour recevoir en avant-premi\u00e8re :<\/strong><\/p>\n\n\n\n<ul class=\"wp-block-list\">\n<li>Les dates exactes du Carnaval de Dunkerque 2025 en exclusivit\u00e9 !<\/li>\n\n\n\n<li>Le calendrier complet des \u00e9v\u00e9nements <\/li>\n\n\n\n<li>Tout \u00e7a en format poster exclusif \u00e0 afficher fi\u00e8rement chez vous !<\/li>\n<\/ul>\n\n\n\n<p>(Promis, on ne vous enverra pas de harengs par e-mail)<\/p>\n\n\n\n<div class=\"wp-block-buttons is-layout-flex wp-block-buttons-is-layout-flex\">\n<div class=\"wp-block-button\"><a class=\"wp-block-button__link wp-element-button\">Je clique pour recevoir cette fameuse newsletter &nbsp;&#x1f60a;<\/a><\/div>\n<\/div>\n\n\n\n<h2 class=\"wp-block-heading\"><span class=\"ez-toc-section\" id=\"Les_temps_forts_du_Carnaval_de_Dunkerque_ou_comment_perdre_sa_dignite_avec_style\"><\/span>Les temps forts du Carnaval de Dunkerque (ou comment perdre sa dignit\u00e9 avec style)<span class=\"ez-toc-section-end\"><\/span><\/h2>\n\n\n\n<p>Ne manquez pas les \u00e9v\u00e9nements phares qui font la renomm\u00e9e de ce carnaval unique :<\/p>\n\n\n\n<ol class=\"wp-block-list\">\n<li>Les \u00ab\u00a0trois joyeuses\u00a0\u00bb : Bandes de Dunkerque, Citadelle et Rosenda\u00ebl (attention, \u00ab\u00a0joyeuses\u00a0\u00bb peut \u00eatre un euph\u00e9misme selon votre r\u00e9sistance \u00e0 l&rsquo;alcool) <\/li>\n<\/ol>\n\n\n\n<figure style=\"--shape: url(#tw-shape-squircle);\" class=\"wp-block-image size-large tw-block-animation tw-animation-wipe-left\"><img loading=\"lazy\" decoding=\"async\" width=\"1024\" height=\"574\" sizes=\"auto, (max-width: 692px) 100vw, 692px\" src=\"https:\/\/www.mega-fete.fr\/blog\/wp-content\/uploads\/2024\/09\/lance-de-hareng-carnaval-de-dunkerque-2025-1024x574.webp\" alt=\"lanc\u00e9 de hareng carnaval de Dunkeruqe 2025\" class=\"wp-image-4404\" srcset=\"https:\/\/www.mega-fete.fr\/blog\/wp-content\/uploads\/2024\/09\/lance-de-hareng-carnaval-de-dunkerque-2025-1024x574.webp 1024w, https:\/\/www.mega-fete.fr\/blog\/wp-content\/uploads\/2024\/09\/lance-de-hareng-carnaval-de-dunkerque-2025-300x168.webp 300w, https:\/\/www.mega-fete.fr\/blog\/wp-content\/uploads\/2024\/09\/lance-de-hareng-carnaval-de-dunkerque-2025-768x430.webp 768w, https:\/\/www.mega-fete.fr\/blog\/wp-content\/uploads\/2024\/09\/lance-de-hareng-carnaval-de-dunkerque-2025.webp 1456w\" \/><\/figure>\n\n\n\n<ol class=\"wp-block-list\">\n<li>Le c\u00e9l\u00e8bre \u00ab\u00a0jet de harengs\u00a0\u00bb depuis le balcon de l&rsquo;h\u00f4tel de ville (le seul endroit au monde o\u00f9 se faire bombarder de poissons est consid\u00e9r\u00e9 comme un honneur) <\/li>\n\n\n\n<li>Les bals traditionnels, v\u00e9ritables institutions du carnaval (o\u00f9 votre costume sera jug\u00e9 \u00e0 sa capacit\u00e9 \u00e0 r\u00e9sister \u00e0 la bi\u00e8re renvers\u00e9e)<\/li>\n<\/ol>\n\n\n\n<h2 class=\"wp-block-heading\"><span class=\"ez-toc-section\" id=\"Un_calendrier_riche_en_festivites_et_en_maux_de_tete_potentiels\"><\/span>Un calendrier riche en festivit\u00e9s (et en maux de t\u00eate potentiels)<span class=\"ez-toc-section-end\"><\/span><\/h2>\n\n\n\n<p>Pr\u00e9parez-vous \u00e0 un marathon festif ! Voici la liste compl\u00e8te des \u00e9v\u00e9nements qui rythmeront le Carnaval de Dunkerque 2025 :<\/p>\n\n\n\n<ol class=\"wp-block-list\">\n<li>Bal des Reutelaeres &#8211; T\u00e9teghem (o\u00f9 \u00ab\u00a0reuteler\u00a0\u00bb devient un art de vivre)<\/li>\n\n\n\n<li>Bal enfantin des Reutelaeres &#8211; T\u00e9teghem (pour les mini-carnavaleux en herbe)<\/li>\n\n\n\n<li>Bande de Zuydcoote (prononcez-le correctement apr\u00e8s quelques verres, on vous met au d\u00e9fi)<\/li>\n\n\n\n<li>Bal des Judcoot Lussen &#8211; Zuydcoote<\/li>\n\n\n\n<li>Bal des Kakernesches &#8211; Nuit de la Rose au Kursaal (ne vous attendez pas \u00e0 une soir\u00e9e romantique, c&rsquo;est du carnaval dont on parle)<\/li>\n\n\n\n<li>Bande de Teteghem<\/li>\n\n\n\n<li>Bal des 8 wiches &#8211; Loon-Plage<\/li>\n\n\n\n<li>Bande de Mardyck<\/li>\n\n\n\n<li>Bande de Brouckerque<\/li>\n\n\n\n<li>Bal des Corsaires &#8211; Au Kursaal (attention aux abordages !)<\/li>\n\n\n\n<li>Bande de Saint-Pol-sur-Mer (parce que marcher droit est tellement surfait)<\/li>\n\n\n\n<li>Bande de Godewaersvelde<\/li>\n\n\n\n<li>Bal enfantin de Rexpo\u00ebde<\/li>\n\n\n\n<li>Bal des Pint&rsquo;jes &#8211; Grande-synthe<\/li>\n\n\n\n<li>Bal des Nucholaers &#8211; Gravelines<\/li>\n\n\n\n<li>Bande de la Basse-Ville<\/li>\n\n\n\n<li>Bande de Grande-Synthe<\/li>\n\n\n\n<li>Carnaval enfantin de Grand Fort Philippe (o\u00f9 les enfants sont plus sages que les adultes, pour une fois)<\/li>\n\n\n\n<li>Bal enfantin des Chucheurs &#8211; Winnezeele<\/li>\n\n\n\n<li>Nuit de l&rsquo;Oncle C\u00f4 &#8211; Au Kursaal<\/li>\n\n\n\n<li>Premier jour des trois joyeuses<\/li>\n\n\n\n<li>Bande de Dunkerque (avec son jet de harengs) (pr\u00e9parez votre parapluie&#8230; ou votre bouche)<\/li>\n\n\n\n<li>Bal des Acharn\u00e9s &#8211; Au Kursaal<\/li>\n\n\n\n<li>Deuxi\u00e8me jour des trois joyeuses<\/li>\n\n\n\n<li>Bande de la Citadelle &#8211; C\u00f4t\u00e9 mus\u00e9e portuaire (o\u00f9 l&rsquo;histoire rencontre la folie carnavalesque)<\/li>\n\n\n\n<li>Troisi\u00e8me jour des trois joyeuses<\/li>\n\n\n\n<li>Bande de Rosenda\u00ebl (pas de roses ici, que des sourires et de la bi\u00e8re)<\/li>\n\n\n\n<li>Bande de Grand Fort Philippe<\/li>\n\n\n\n<li>Bande de Petit Fort Philippe<\/li>\n\n\n\n<li>Bande des Huttes &#8211; Gravelines<\/li>\n\n\n\n<li>Bal de la flibuste &#8211; Salle des f\u00eates de Grand Fort Philippe<\/li>\n\n\n\n<li>Bal enfantin des Chevaliers &#8211; Au Kursaal<\/li>\n\n\n\n<li>Bal enfantin des amis des g\u00e9ants &#8211; Palais du littoral &#8211; Grande-Synthe<\/li>\n\n\n\n<li>Kiekeun Festival &#8211; Coudekerque-Branche (un nom impronon\u00e7able pour un festival inoubliable)<\/li>\n\n\n\n<li>Bal des Creutches &#8211; Armbouts-Cappel<\/li>\n\n\n\n<li>Bal des Zygomards &#8211; Gravelines<\/li>\n\n\n\n<li>Bande de Petite-Synthe<\/li>\n\n\n\n<li>Carnaval enfantin \u00e0 Loon-plage<\/li>\n\n\n\n<li>Carnaval enfantin \u00e0 Hoymille<\/li>\n\n\n\n<li>Bal des Gigolos et Gigolettes &#8211; Au Kursaal<\/li>\n\n\n\n<li>Bal des Joyeux Berguenards &#8211; Bergues<\/li>\n\n\n\n<li>Bande de Malo-les-bains (la plage en hiver, c&rsquo;est tellement plus fun)<\/li>\n\n\n\n<li>Bal de la Violettte &#8211; Au Kursaal<\/li>\n\n\n\n<li>Bal des Potes-Iront &#8211; Coudekerque-Branche<\/li>\n\n\n\n<li>Bande de Loon-Plage<\/li>\n\n\n\n<li>Bande enfantine &#8211; Coudekerque-Branche<\/li>\n\n\n\n<li>Bande de Zuytpeene<\/li>\n\n\n\n<li>Bal du Sporting &#8211; Au Kursaal<\/li>\n\n\n\n<li>Bal des Optimistes &#8211; Poudri\u00e8re<\/li>\n\n\n\n<li>Bande de Coudekerque-Branche<\/li>\n\n\n\n<li>Bande de Warhem<\/li>\n\n\n\n<li>Bal des p&rsquo;tits Zigottos &#8211; Loon-Plage<\/li>\n\n\n\n<li>Bal enfantin de Coudekerque-Branche<\/li>\n\n\n\n<li>Bal des Bierenaeres &#8211; Bierne<\/li>\n\n\n\n<li>Bal des Rose Marie &#8211; Gravelines<\/li>\n\n\n\n<li>Bande de Leffrinckoucke<\/li>\n\n\n\n<li>Bal du Printemps &#8211; Au Kursaal <br \/>(parce que qui a besoin d&rsquo;attendre le vrai printemps pour faire la f\u00eate ?)<\/li>\n\n\n\n<li>Bande matinale \u00e0 Ledringhem<\/li>\n\n\n\n<li>Bande de Wormhout<\/li>\n\n\n\n<li>Bal des ados : Carn&rsquo;Ados &#8211; Gravelines<\/li>\n\n\n\n<li>Bal des Boucaniers &#8211; Gravelines (Sc\u00e8ne Vauban)<\/li>\n\n\n\n<li>Bande de Houtkerque<\/li>\n\n\n\n<li>Carnaval enfantin \u00e0 Bergues<\/li>\n\n\n\n<li>Festival Carna &#8211; Salle de la poudri\u00e8re Leffrinckoucke<\/li>\n\n\n\n<li>Bal des Buckenaeres &#8211; Wormhout<\/li>\n\n\n\n<li>Bande matinale \u00e0 Hoymille<\/li>\n\n\n\n<li>Bande de Bergues<\/li>\n\n\n\n<li>Soir\u00e9e des Zamuztaers (40 ans !) \u00e0 Bourbourg<\/li>\n\n\n\n<li>Nuit du P\u00f4dingue &#8211; Rexpo\u00ebde<\/li>\n\n\n\n<li>Bande de Gravelines &#8211; Centre<\/li>\n\n\n\n<li>Bal des Gais Lurons &#8211; Bray-Dunes<\/li>\n\n\n\n<li>Bal des ptits Baigneurs avec un concert des Prout &#8211; Gravelines Sc\u00e8ne Vauban<\/li>\n\n\n\n<li>Bande de Bourbourg<\/li>\n\n\n\n<li>Bande de Bollezeele<\/li>\n\n\n\n<li>Bal enfantin de Bourbourg &#8211; Les Cop&rsquo;1 d&rsquo;abord<\/li>\n\n\n\n<li>Bal enfantin de Wormhout &#8211; Organis\u00e9 par les APE<\/li>\n\n\n\n<li>Bal des Stekebeilles &#8211; Ghyvelde<\/li>\n\n\n\n<li>Carnaval enfantin \u00e0 Gravelines<\/li>\n\n\n\n<li>Bal des p&rsquo;tits mousses &#8211; Les huttes Gravelines<\/li>\n\n\n\n<li>Carnaval enfantin Veint&rsquo;ches de Ruminghem<\/li>\n\n\n\n<li>Bande de Killem<\/li>\n\n\n\n<li>Bal des Swingelaeres &#8211; Killem<\/li>\n\n\n\n<li>Bal du Prestige &#8211; Ruminghem<\/li>\n\n\n\n<li>Bande de Pitgam<\/li>\n<\/ol>\n\n\n\n<p><em><strong>(Votre agenda va pleurer, mais votre c\u0153ur de carnavaleux sera combl\u00e9 !)<\/strong><\/em><\/p>\n\n\n\n<h2 class=\"wp-block-heading\"><span class=\"ez-toc-section\" id=\"Preparez-vous_pour_une_experience_carnavalesque_unique_et_legerement_chaotique\"><\/span>Pr\u00e9parez-vous pour une exp\u00e9rience carnavalesque unique (et l\u00e9g\u00e8rement chaotique)<span class=\"ez-toc-section-end\"><\/span><\/h2>\n\n\n\n<p>Le <strong>Carnaval de Dunkerque<\/strong>, c&rsquo;est bien plus qu&rsquo;une simple f\u00eate. C&rsquo;est une tradition s\u00e9culaire, un patrimoine vivant qui c\u00e9l\u00e8bre l&rsquo;esprit festif et la convivialit\u00e9 du Nord. Avec ses costumes et d\u00e9guisements extravagants (plus c&rsquo;est moche, mieux c&rsquo;est), ses chants traditionnels (<strong>les fameuses \u00ab\u00a0cantates\u00a0\u00bb que vous chanterez faux mais avec c\u0153ur<\/strong>) et son ambiance incomparable, il promet des moments de joie, de partage et de confusion heureuse inoubliables.<\/p>\n\n\n\n<h2 class=\"wp-block-heading\"><span class=\"ez-toc-section\" id=\"Ne_manquez_rien_du_Carnaval_2025_Sauf_peut-etre_votre_dignite\"><\/span>Ne manquez rien du Carnaval 2025 ! (Sauf peut-\u00eatre votre dignit\u00e9)<span class=\"ez-toc-section-end\"><\/span><\/h2>\n\n\n\n<p>Pour \u00eatre s\u00fbr de profiter pleinement du Carnaval de Dunkerque 2025, voici quelques conseils de survie :<\/p>\n\n\n\n<ul class=\"wp-block-list\">\n<li>Surveillez le site officiel du Carnaval de Dunkerque et l&rsquo;office de tourisme pour les annonces officielles (et les cours de prononciation ch&rsquo;ti). <\/li>\n\n\n\n<li>Planifiez vos cong\u00e9s et RTT d\u00e8s que le calendrier complet sera publi\u00e9 (et pr\u00e9voyez quelques jours de r\u00e9cup\u00e9ration, vous en aurez besoin).<\/li>\n\n\n\n<li> R\u00e9servez votre h\u00e9bergement \u00e0 l&rsquo;avance, la ville \u00e9tant tr\u00e8s pris\u00e9e pendant cette p\u00e9riode (un matelas gonflable chez l&rsquo;habitant, \u00e7a compte ?). <\/li>\n\n\n\n<li>Pr\u00e9parez votre costume le plus original pour vous fondre dans l&rsquo;ambiance ! (Conseil : si vous pouvez vous reconna\u00eetre dans le miroir, ce n&rsquo;est pas assez extravagant)<\/li>\n<\/ul>\n\n\n\n<h2 class=\"wp-block-heading\"><span class=\"ez-toc-section\" id=\"%F0%9F%8E%89_NE_RATEZ_AUCUN_EVENEMENT_%F0%9F%8E%89\"><\/span><strong>&#x1f389; NE RATEZ AUCUN \u00c9V\u00c9NEMENT ! &#x1f389;<\/strong><span class=\"ez-toc-section-end\"><\/span><\/h2>\n\n\n\n<p><strong>Dernier rappel pour recevoir en exclusivit\u00e9 \u00e0 la parution :<\/strong><\/p>\n\n\n\n<ul class=\"wp-block-list\">\n<li>Les dates du Carnaval de Dunkerque 2025  <\/li>\n\n\n\n<li>Le calendrier complet des \u00e9v\u00e9nements en poster ! <\/li>\n\n\n\n<li>Nos meilleurs conseils pour survivre \u00e0 trois mois de f\u00eate !<\/li>\n<\/ul>\n\n\n\n<figure style=\"--shape: url(#tw-shape-squircle);\" class=\"wp-block-image size-large tw-block-animation tw-animation-wipe-left\"><img loading=\"lazy\" decoding=\"async\" width=\"1024\" height=\"574\" sizes=\"auto, (max-width: 692px) 100vw, 692px\" src=\"https:\/\/www.mega-fete.fr\/blog\/wp-content\/uploads\/2024\/09\/date-carnaval-dunkerque-2025-hareng-1-1024x574.webp\" alt=\"\" class=\"wp-image-4410\" srcset=\"https:\/\/www.mega-fete.fr\/blog\/wp-content\/uploads\/2024\/09\/date-carnaval-dunkerque-2025-hareng-1-1024x574.webp 1024w, https:\/\/www.mega-fete.fr\/blog\/wp-content\/uploads\/2024\/09\/date-carnaval-dunkerque-2025-hareng-1-300x168.webp 300w, https:\/\/www.mega-fete.fr\/blog\/wp-content\/uploads\/2024\/09\/date-carnaval-dunkerque-2025-hareng-1-768x430.webp 768w, https:\/\/www.mega-fete.fr\/blog\/wp-content\/uploads\/2024\/09\/date-carnaval-dunkerque-2025-hareng-1.webp 1456w\" \/><\/figure>\n\n\n\n<div class=\"wp-block-buttons is-layout-flex wp-block-buttons-is-layout-flex\">\n<div class=\"wp-block-button\"><a class=\"wp-block-button__link wp-element-button\">J&rsquo;ai compris, je m&rsquo;abonne \u00e0 cette fameuse newsletter &nbsp;&#x1f60a; !<\/a><\/div>\n<\/div>\n\n\n\n<p>Le <strong>Carnaval de Dunkerque 2025<\/strong> s&rsquo;annonce d\u00e9j\u00e0 comme un rendez-vous incontournable pour tous les amateurs de f\u00eate, de traditions et de situations l\u00e9g\u00e8rement absurdes. <\/p>\n\n\n\n<p>Pr\u00e9parez-vous \u00e0 vivre des moments de liesse et de partage uniques dans une ambiance typiquement ch&rsquo;ti ! <\/p>\n\n\n\n<p>Et n&rsquo;oubliez pas : ce qui se passe \u00e0 Dunkerque reste \u00e0 Dunkerque (surtout si \u00e7a implique des harengs et de la bi\u00e8re).<\/p>\n\n\n\n<p><\/p>\n","protected":false},"excerpt":{"rendered":"<p>Avis aux amateurs de f\u00eate, de traditions et de harengs volants ! Le Carnaval de Dunkerque, l&rsquo;\u00e9v\u00e9nement le plus d\u00e9jant\u00e9 du Nord de la France (et probablement le seul endroit o\u00f9 vous pouvez recevoir un poisson sur la t\u00eate et en \u00eatre ravi), se pr\u00e9pare d\u00e9j\u00e0 pour son \u00e9dition 2025. Plongez dans l&rsquo;ambiance festive et [&hellip;]<\/p>\n","protected":false},"author":34,"featured_media":4397,"comment_status":"closed","ping_status":"closed","sticky":false,"template":"","format":"standard","meta":{"footnotes":""},"categories":[359,356],"tags":[],"class_list":["post-4388","post","type-post","status-publish","format-standard","has-post-thumbnail","hentry","category-a-la-une","category-themes-de-fetes"],"_links":{"self":[{"href":"https:\/\/www.mega-fete.fr\/blog\/wp-json\/wp\/v2\/posts\/4388","targetHints":{"allow":["GET"]}}],"collection":[{"href":"https:\/\/www.mega-fete.fr\/blog\/wp-json\/wp\/v2\/posts"}],"about":[{"href":"https:\/\/www.mega-fete.fr\/blog\/wp-json\/wp\/v2\/types\/post"}],"author":[{"embeddable":true,"href":"https:\/\/www.mega-fete.fr\/blog\/wp-json\/wp\/v2\/users\/34"}],"replies":[{"embeddable":true,"href":"https:\/\/www.mega-fete.fr\/blog\/wp-json\/wp\/v2\/comments?post=4388"}],"version-history":[{"count":0,"href":"https:\/\/www.mega-fete.fr\/blog\/wp-json\/wp\/v2\/posts\/4388\/revisions"}],"wp:featuredmedia":[{"embeddable":true,"href":"https:\/\/www.mega-fete.fr\/blog\/wp-json\/wp\/v2\/media\/4397"}],"wp:attachment":[{"href":"https:\/\/www.mega-fete.fr\/blog\/wp-json\/wp\/v2\/media?parent=4388"}],"wp:term":[{"taxonomy":"category","embeddable":true,"href":"https:\/\/www.mega-fete.fr\/blog\/wp-json\/wp\/v2\/categories?post=4388"},{"taxonomy":"post_tag","embeddable":true,"href":"https:\/\/www.mega-fete.fr\/blog\/wp-json\/wp\/v2\/tags?post=4388"}],"curies":[{"name":"wp","href":"https:\/\/api.w.org\/{rel}","templated":true}]}}